{"id":377,"date":"2024-02-05T10:54:55","date_gmt":"2024-02-05T09:54:55","guid":{"rendered":"https:\/\/conscrits-de-villefranche.fr\/?p=377"},"modified":"2024-05-24T10:54:24","modified_gmt":"2024-05-24T08:54:24","slug":"la-roue-de-la-vie","status":"publish","type":"post","link":"https:\/\/conscrits-de-villefranche.fr\/?p=377","title":{"rendered":"La roue de la vie !"},"content":{"rendered":"\n<p>En attendant de revenir en images sur les conscrits 2024 (quelques extraits dans le dernier <a href=\"https:\/\/conscrits-de-villefranche.fr\/wp-content\/uploads\/2024\/02\/Gibus-Infos-2024-02.pdf\" target=\"_blank\" rel=\"noreferrer noopener\">Gibus Info<\/a>), l&rsquo;Interclasse en 5 vient de r\u00e9unir les futurs 20 ans en pr\u00e9ambule \u00e0 la cr\u00e9ation de la classe 2025 !<\/p>\n\n\n\n<figure class=\"wp-block-image size-large\"><img loading=\"lazy\" decoding=\"async\" width=\"1024\" height=\"532\" src=\"https:\/\/conscrits-de-villefranche.fr\/wp-content\/uploads\/2024\/02\/240202-Creation-2025-1024x532.jpg\" alt=\"\" class=\"wp-image-378\" srcset=\"https:\/\/conscrits-de-villefranche.fr\/wp-content\/uploads\/2024\/02\/240202-Creation-2025-1024x532.jpg 1024w, https:\/\/conscrits-de-villefranche.fr\/wp-content\/uploads\/2024\/02\/240202-Creation-2025-300x156.jpg 300w, https:\/\/conscrits-de-villefranche.fr\/wp-content\/uploads\/2024\/02\/240202-Creation-2025-768x399.jpg 768w, https:\/\/conscrits-de-villefranche.fr\/wp-content\/uploads\/2024\/02\/240202-Creation-2025-1536x798.jpg 1536w, https:\/\/conscrits-de-villefranche.fr\/wp-content\/uploads\/2024\/02\/240202-Creation-2025-2048x1065.jpg 2048w, https:\/\/conscrits-de-villefranche.fr\/wp-content\/uploads\/2024\/02\/240202-Creation-2025-850x442.jpg 850w\" sizes=\"auto, (max-width: 1024px) 100vw, 1024px\" \/><\/figure>\n","protected":false},"excerpt":{"rendered":"<p>En attendant de revenir en images sur les conscrits 2024 (quelques extraits dans le dernier Gibus Info), l&rsquo;Interclasse en 5 vient de r\u00e9unir les futurs 20 ans en pr\u00e9ambule \u00e0 la cr\u00e9ation de la classe 2025 !<\/p>\n","protected":false},"author":2,"featured_media":0,"comment_status":"closed","ping_status":"open","sticky":false,"template":"","format":"standard","meta":{"footnotes":""},"categories":[11,27],"tags":[],"class_list":["post-377","post","type-post","status-publish","format-standard","hentry","category-actualite","category-conscrits-2025"],"_links":{"self":[{"href":"https:\/\/conscrits-de-villefranche.fr\/index.php?rest_route=\/wp\/v2\/posts\/377","targetHints":{"allow":["GET"]}}],"collection":[{"href":"https:\/\/conscrits-de-villefranche.fr\/index.php?rest_route=\/wp\/v2\/posts"}],"about":[{"href":"https:\/\/conscrits-de-villefranche.fr\/index.php?rest_route=\/wp\/v2\/types\/post"}],"author":[{"embeddable":true,"href":"https:\/\/conscrits-de-villefranche.fr\/index.php?rest_route=\/wp\/v2\/users\/2"}],"replies":[{"embeddable":true,"href":"https:\/\/conscrits-de-villefranche.fr\/index.php?rest_route=%2Fwp%2Fv2%2Fcomments&post=377"}],"version-history":[{"count":1,"href":"https:\/\/conscrits-de-villefranche.fr\/index.php?rest_route=\/wp\/v2\/posts\/377\/revisions"}],"predecessor-version":[{"id":379,"href":"https:\/\/conscrits-de-villefranche.fr\/index.php?rest_route=\/wp\/v2\/posts\/377\/revisions\/379"}],"wp:attachment":[{"href":"https:\/\/conscrits-de-villefranche.fr\/index.php?rest_route=%2Fwp%2Fv2%2Fmedia&parent=377"}],"wp:term":[{"taxonomy":"category","embeddable":true,"href":"https:\/\/conscrits-de-villefranche.fr\/index.php?rest_route=%2Fwp%2Fv2%2Fcategories&post=377"},{"taxonomy":"post_tag","embeddable":true,"href":"https:\/\/conscrits-de-villefranche.fr\/index.php?rest_route=%2Fwp%2Fv2%2Ftags&post=377"}],"curies":[{"name":"wp","href":"https:\/\/api.w.org\/{rel}","templated":true}]}}