{"id":388,"date":"2024-02-27T15:52:45","date_gmt":"2024-02-27T14:52:45","guid":{"rendered":"https:\/\/conscrits-de-villefranche.fr\/?p=388"},"modified":"2024-02-27T15:52:45","modified_gmt":"2024-02-27T14:52:45","slug":"le-gibus-info-de-mars-est-paru","status":"publish","type":"post","link":"https:\/\/conscrits-de-villefranche.fr\/?p=388","title":{"rendered":"Le Gibus Info de mars est paru !"},"content":{"rendered":"\n<p>Au sommaire : <\/p>\n\n\n\n<p>1\/ Le retour de Thomas GUICHARD, pr\u00e9sident des 20 ans de la classe 2024 \u00e0 pr\u00e8s la f\u00eate<br>2\/ Le concours de coinche de l&rsquo;Interclasse G\u00e9n\u00e9rale<br>3\/ L&rsquo;Assembl\u00e9e G\u00e9n\u00e9rale Ordinaire de l&rsquo;Interclasse G\u00e9n\u00e9rale<br>4\/ La cr\u00e9ation du bureau de la classe 2025<\/p>\n\n\n\n<p><\/p>\n","protected":false},"excerpt":{"rendered":"<p>Au sommaire : 1\/ Le retour de Thomas GUICHARD, pr\u00e9sident des 20 ans de la classe 2024 \u00e0 pr\u00e8s la f\u00eate2\/ Le concours de coinche de l&rsquo;Interclasse G\u00e9n\u00e9rale3\/ L&rsquo;Assembl\u00e9e G\u00e9n\u00e9rale Ordinaire de l&rsquo;Interclasse G\u00e9n\u00e9rale4\/ La cr\u00e9ation du bureau de la classe 2025<\/p>\n","protected":false},"author":2,"featured_media":0,"comment_status":"closed","ping_status":"open","sticky":false,"template":"","format":"standard","meta":{"footnotes":""},"categories":[11],"tags":[14,12,9,7,5],"class_list":["post-388","post","type-post","status-publish","format-standard","hentry","category-actualite","tag-conscrits-de-villefranche-en-beaujolais","tag-gibus-info","tag-interclasse-generale","tag-villefranche-en-beaujolais-2","tag-villefranche-sur-saone"],"_links":{"self":[{"href":"https:\/\/conscrits-de-villefranche.fr\/index.php?rest_route=\/wp\/v2\/posts\/388","targetHints":{"allow":["GET"]}}],"collection":[{"href":"https:\/\/conscrits-de-villefranche.fr\/index.php?rest_route=\/wp\/v2\/posts"}],"about":[{"href":"https:\/\/conscrits-de-villefranche.fr\/index.php?rest_route=\/wp\/v2\/types\/post"}],"author":[{"embeddable":true,"href":"https:\/\/conscrits-de-villefranche.fr\/index.php?rest_route=\/wp\/v2\/users\/2"}],"replies":[{"embeddable":true,"href":"https:\/\/conscrits-de-villefranche.fr\/index.php?rest_route=%2Fwp%2Fv2%2Fcomments&post=388"}],"version-history":[{"count":1,"href":"https:\/\/conscrits-de-villefranche.fr\/index.php?rest_route=\/wp\/v2\/posts\/388\/revisions"}],"predecessor-version":[{"id":389,"href":"https:\/\/conscrits-de-villefranche.fr\/index.php?rest_route=\/wp\/v2\/posts\/388\/revisions\/389"}],"wp:attachment":[{"href":"https:\/\/conscrits-de-villefranche.fr\/index.php?rest_route=%2Fwp%2Fv2%2Fmedia&parent=388"}],"wp:term":[{"taxonomy":"category","embeddable":true,"href":"https:\/\/conscrits-de-villefranche.fr\/index.php?rest_route=%2Fwp%2Fv2%2Fcategories&post=388"},{"taxonomy":"post_tag","embeddable":true,"href":"https:\/\/conscrits-de-villefranche.fr\/index.php?rest_route=%2Fwp%2Fv2%2Ftags&post=388"}],"curies":[{"name":"wp","href":"https:\/\/api.w.org\/{rel}","templated":true}]}}