{"id":473,"date":"2024-12-11T12:14:16","date_gmt":"2024-12-11T11:14:16","guid":{"rendered":"https:\/\/conscrits-de-villefranche.fr\/?p=473"},"modified":"2024-12-14T09:57:47","modified_gmt":"2024-12-14T08:57:47","slug":"473","status":"publish","type":"post","link":"https:\/\/conscrits-de-villefranche.fr\/?p=473","title":{"rendered":"Le sonnet des 20 ans d\u00e9voil\u00e9 !"},"content":{"rendered":"\n<p>En attendant de d\u00e9ferler sur la rue nationale en janvier prochain pour sa premi\u00e8re vague, la classe 2025 avait convi\u00e9 ce matin tout le monde conscrit pour la traditionnel pr\u00e9sentation du sonnet des futurs 20 ans.<\/p>\n\n\n\n<figure class=\"wp-block-image size-large\"><img loading=\"lazy\" decoding=\"async\" width=\"1024\" height=\"638\" src=\"https:\/\/conscrits-de-villefranche.fr\/wp-content\/uploads\/2024\/12\/Sonnet-de-la-2025-1024x638.jpg\" alt=\"\" class=\"wp-image-474\" srcset=\"https:\/\/conscrits-de-villefranche.fr\/wp-content\/uploads\/2024\/12\/Sonnet-de-la-2025-1024x638.jpg 1024w, https:\/\/conscrits-de-villefranche.fr\/wp-content\/uploads\/2024\/12\/Sonnet-de-la-2025-300x187.jpg 300w, https:\/\/conscrits-de-villefranche.fr\/wp-content\/uploads\/2024\/12\/Sonnet-de-la-2025-768x478.jpg 768w, https:\/\/conscrits-de-villefranche.fr\/wp-content\/uploads\/2024\/12\/Sonnet-de-la-2025-1536x956.jpg 1536w, https:\/\/conscrits-de-villefranche.fr\/wp-content\/uploads\/2024\/12\/Sonnet-de-la-2025-2048x1275.jpg 2048w, https:\/\/conscrits-de-villefranche.fr\/wp-content\/uploads\/2024\/12\/Sonnet-de-la-2025-850x529.jpg 850w\" sizes=\"auto, (max-width: 1024px) 100vw, 1024px\" \/><\/figure>\n\n\n\n<p>L\u2019occasion \u00e9galement de d\u00e9voiler la chanson qu\u2019ils entonneront pendant toute la semaine.<\/p>\n\n\n\n<p>Et vous, avez vous votre exemplaire du sonnet des 20 ans ?<\/p>\n","protected":false},"excerpt":{"rendered":"<p>En attendant de d\u00e9ferler sur la rue nationale en janvier prochain pour sa premi\u00e8re vague, la classe 2025 avait convi\u00e9 ce matin tout le monde conscrit pour la traditionnel pr\u00e9sentation du sonnet des futurs 20 ans. L\u2019occasion \u00e9galement de d\u00e9voiler la chanson qu\u2019ils entonneront pendant toute la semaine. Et vous,&#8230;<\/p>\n","protected":false},"author":2,"featured_media":0,"comment_status":"closed","ping_status":"open","sticky":false,"template":"","format":"standard","meta":{"footnotes":""},"categories":[11,27],"tags":[32,14,4],"class_list":["post-473","post","type-post","status-publish","format-standard","hentry","category-actualite","category-conscrits-2025","tag-conscrits-de-la-5","tag-conscrits-de-villefranche-en-beaujolais","tag-fete-des-conscrits"],"_links":{"self":[{"href":"https:\/\/conscrits-de-villefranche.fr\/index.php?rest_route=\/wp\/v2\/posts\/473","targetHints":{"allow":["GET"]}}],"collection":[{"href":"https:\/\/conscrits-de-villefranche.fr\/index.php?rest_route=\/wp\/v2\/posts"}],"about":[{"href":"https:\/\/conscrits-de-villefranche.fr\/index.php?rest_route=\/wp\/v2\/types\/post"}],"author":[{"embeddable":true,"href":"https:\/\/conscrits-de-villefranche.fr\/index.php?rest_route=\/wp\/v2\/users\/2"}],"replies":[{"embeddable":true,"href":"https:\/\/conscrits-de-villefranche.fr\/index.php?rest_route=%2Fwp%2Fv2%2Fcomments&post=473"}],"version-history":[{"count":2,"href":"https:\/\/conscrits-de-villefranche.fr\/index.php?rest_route=\/wp\/v2\/posts\/473\/revisions"}],"predecessor-version":[{"id":477,"href":"https:\/\/conscrits-de-villefranche.fr\/index.php?rest_route=\/wp\/v2\/posts\/473\/revisions\/477"}],"wp:attachment":[{"href":"https:\/\/conscrits-de-villefranche.fr\/index.php?rest_route=%2Fwp%2Fv2%2Fmedia&parent=473"}],"wp:term":[{"taxonomy":"category","embeddable":true,"href":"https:\/\/conscrits-de-villefranche.fr\/index.php?rest_route=%2Fwp%2Fv2%2Fcategories&post=473"},{"taxonomy":"post_tag","embeddable":true,"href":"https:\/\/conscrits-de-villefranche.fr\/index.php?rest_route=%2Fwp%2Fv2%2Ftags&post=473"}],"curies":[{"name":"wp","href":"https:\/\/api.w.org\/{rel}","templated":true}]}}