{"id":683,"date":"2026-03-12T09:57:55","date_gmt":"2026-03-12T08:57:55","guid":{"rendered":"https:\/\/conscrits-de-villefranche.fr\/?p=683"},"modified":"2026-03-12T09:57:55","modified_gmt":"2026-03-12T08:57:55","slug":"la-classe-2027-a-elu-son-premier-president","status":"publish","type":"post","link":"https:\/\/conscrits-de-villefranche.fr\/?p=683","title":{"rendered":"La Classe 2027 a \u00e9lu son premier Pr\u00e9sident"},"content":{"rendered":"\n<p><br>C\u2019est donc Adam Mahuet qui aura l\u2019honneur et la lourde t\u00e2che de mener ses troupes vers leur premi\u00e8re vague en Janvier 2027.<br>Issu d\u2019une grande famille de conscrits (Son p\u00e8re R\u00e9mi est pr\u00e9sident de l\u2019Interclasse en 8, et Etienne son grand fr\u00e8re pr\u00e9sident de la Classe 2024 notamment !), il saura trouver les bons conseils pour rassembler autour de lui conscrits et conscrites pour \u00eatre le plus nombreux possible en janvier prochain et perp\u00e9tuer la tradition, dont les 20 ans sont plus que jamais les premiers repr\u00e9sentants.<\/p>\n","protected":false},"excerpt":{"rendered":"<p>C\u2019est donc Adam Mahuet qui aura l\u2019honneur et la lourde t\u00e2che de mener ses troupes vers leur premi\u00e8re vague en Janvier 2027.Issu d\u2019une grande famille de conscrits (Son p\u00e8re R\u00e9mi est pr\u00e9sident de l\u2019Interclasse en 8, et Etienne son grand fr\u00e8re pr\u00e9sident de la Classe 2024 notamment !), il saura&#8230;<\/p>\n","protected":false},"author":2,"featured_media":0,"comment_status":"closed","ping_status":"open","sticky":false,"template":"","format":"standard","meta":{"footnotes":""},"categories":[57],"tags":[],"class_list":["post-683","post","type-post","status-publish","format-standard","hentry","category-conscrits-2027"],"_links":{"self":[{"href":"https:\/\/conscrits-de-villefranche.fr\/index.php?rest_route=\/wp\/v2\/posts\/683","targetHints":{"allow":["GET"]}}],"collection":[{"href":"https:\/\/conscrits-de-villefranche.fr\/index.php?rest_route=\/wp\/v2\/posts"}],"about":[{"href":"https:\/\/conscrits-de-villefranche.fr\/index.php?rest_route=\/wp\/v2\/types\/post"}],"author":[{"embeddable":true,"href":"https:\/\/conscrits-de-villefranche.fr\/index.php?rest_route=\/wp\/v2\/users\/2"}],"replies":[{"embeddable":true,"href":"https:\/\/conscrits-de-villefranche.fr\/index.php?rest_route=%2Fwp%2Fv2%2Fcomments&post=683"}],"version-history":[{"count":1,"href":"https:\/\/conscrits-de-villefranche.fr\/index.php?rest_route=\/wp\/v2\/posts\/683\/revisions"}],"predecessor-version":[{"id":685,"href":"https:\/\/conscrits-de-villefranche.fr\/index.php?rest_route=\/wp\/v2\/posts\/683\/revisions\/685"}],"wp:attachment":[{"href":"https:\/\/conscrits-de-villefranche.fr\/index.php?rest_route=%2Fwp%2Fv2%2Fmedia&parent=683"}],"wp:term":[{"taxonomy":"category","embeddable":true,"href":"https:\/\/conscrits-de-villefranche.fr\/index.php?rest_route=%2Fwp%2Fv2%2Fcategories&post=683"},{"taxonomy":"post_tag","embeddable":true,"href":"https:\/\/conscrits-de-villefranche.fr\/index.php?rest_route=%2Fwp%2Fv2%2Ftags&post=683"}],"curies":[{"name":"wp","href":"https:\/\/api.w.org\/{rel}","templated":true}]}}